{"id":1405,"date":"2025-01-13T16:43:00","date_gmt":"2025-01-13T16:43:00","guid":{"rendered":"http:\/\/logros.eastus2.cloudapp.azure.com\/?p=1405"},"modified":"2026-01-13T15:22:56","modified_gmt":"2026-01-13T15:22:56","slug":"modelo-de-sostenibilidad-del-registro-inmobiliario-presentado-al-pleno-de-la-suprema-corte-de-justicia","status":"publish","type":"post","link":"http:\/\/logros.ri.gob.do\/index.php\/2025\/01\/13\/modelo-de-sostenibilidad-del-registro-inmobiliario-presentado-al-pleno-de-la-suprema-corte-de-justicia\/","title":{"rendered":"Registro Inmobiliario particip\u00f3 en el XVI Simposio y XI Asamblea del Comit\u00e9 Permanente de Catastro Iberoamericano (CPCI)"},"content":{"rendered":"\n<p><strong>LIMA, PER\u00da \u2013 8 de octubre de 2025.&nbsp;<\/strong>El Registro Inmobiliario de la Rep\u00fablica Dominicana particip\u00f3 en el&nbsp;<strong>XVI Simposio y XI Asamblea del Comit\u00e9 Permanente de Catastro Iberoamericano (CPCI),<\/strong>&nbsp;celebrado del 6 al 8 de octubre de 2025 en Lima, Per\u00fa, bajo el lema \u201cConectando Datos, Transformando Territorios\u201d.<\/p>\n\n\n\n<p>La instituci\u00f3n estuvo representada por el&nbsp;<strong>Director Nacional de Mensuras Catastrales, Ridomil Rojas Ferreyra,<\/strong>&nbsp;y el&nbsp;<strong>Gerente de Sistemas&nbsp;<\/strong><strong>de<\/strong>&nbsp;<strong>Informaci\u00f3n, Jeison Pacheco Peralta,<\/strong>&nbsp;quienes compartieron junto a representantes de instituciones catastrales, registrales y organismos gubernamentales de toda Iberoam\u00e9rica.<\/p>\n\n\n\n<p>El encuentro tuvo como prop\u00f3sito intercambiar experiencias, debatir buenas pr\u00e1cticas y promover la modernizaci\u00f3n de la gesti\u00f3n catastral en la regi\u00f3n, destacando el papel de la tecnolog\u00eda como herramienta clave para la eficiencia, transparencia y equidad en la administraci\u00f3n del territorio.<\/p>\n\n\n\n<p>Durante las jornadas, los participantes abordaron temas relacionados con la&nbsp;<strong>inteligencia artificial, la gobernanza del catastro y la integraci\u00f3n de los catastros dentro de infraestructuras de datos espaciales interoperables<\/strong>, fortaleciendo as\u00ed la cooperaci\u00f3n entre los pa\u00edses miembros del CPCI.<\/p>\n\n\n\n<p>La participaci\u00f3n del Registro Inmobiliario en este foro reafirma su compromiso con la&nbsp;<strong>innovaci\u00f3n tecnol\u00f3gica, la mejora continua de los&nbsp;<\/strong><strong>procesos catastrales<\/strong>&nbsp;y la consolidaci\u00f3n de un&nbsp;<strong>sistema registral moderno y eficiente al servicio de la ciudadan\u00eda<\/strong>.<\/p>\n","protected":false},"excerpt":{"rendered":"<p>LIMA, PER\u00da \u2013 8 de octubre de 2025.&nbsp;El Registro Inmobiliario de la Rep\u00fablica Dominicana particip\u00f3 en el&nbsp;XVI Simposio y XI Asamblea del Comit\u00e9 Permanente de Catastro Iberoamericano (CPCI),&nbsp;celebrado del 6 al 8 de octubre de 2025 en Lima, Per\u00fa, bajo el lema \u201cConectando Datos, Transformando Territorios\u201d. La instituci\u00f3n estuvo representada por el&nbsp;Director Nacional de Mensuras [&hellip;]<\/p>\n","protected":false},"author":1,"featured_media":1496,"comment_status":"open","ping_status":"open","sticky":false,"template":"","format":"standard","meta":{"footnotes":""},"categories":[15],"tags":[],"class_list":["post-1405","post","type-post","status-publish","format-standard","has-post-thumbnail","hentry","category-integridad-para-una-justicia-confiable"],"_links":{"self":[{"href":"http:\/\/logros.ri.gob.do\/index.php\/wp-json\/wp\/v2\/posts\/1405","targetHints":{"allow":["GET"]}}],"collection":[{"href":"http:\/\/logros.ri.gob.do\/index.php\/wp-json\/wp\/v2\/posts"}],"about":[{"href":"http:\/\/logros.ri.gob.do\/index.php\/wp-json\/wp\/v2\/types\/post"}],"author":[{"embeddable":true,"href":"http:\/\/logros.ri.gob.do\/index.php\/wp-json\/wp\/v2\/users\/1"}],"replies":[{"embeddable":true,"href":"http:\/\/logros.ri.gob.do\/index.php\/wp-json\/wp\/v2\/comments?post=1405"}],"version-history":[{"count":3,"href":"http:\/\/logros.ri.gob.do\/index.php\/wp-json\/wp\/v2\/posts\/1405\/revisions"}],"predecessor-version":[{"id":1497,"href":"http:\/\/logros.ri.gob.do\/index.php\/wp-json\/wp\/v2\/posts\/1405\/revisions\/1497"}],"wp:featuredmedia":[{"embeddable":true,"href":"http:\/\/logros.ri.gob.do\/index.php\/wp-json\/wp\/v2\/media\/1496"}],"wp:attachment":[{"href":"http:\/\/logros.ri.gob.do\/index.php\/wp-json\/wp\/v2\/media?parent=1405"}],"wp:term":[{"taxonomy":"category","embeddable":true,"href":"http:\/\/logros.ri.gob.do\/index.php\/wp-json\/wp\/v2\/categories?post=1405"},{"taxonomy":"post_tag","embeddable":true,"href":"http:\/\/logros.ri.gob.do\/index.php\/wp-json\/wp\/v2\/tags?post=1405"}],"curies":[{"name":"wp","href":"https:\/\/api.w.org\/{rel}","templated":true}]}}