{"id":1390,"date":"2025-01-13T16:34:03","date_gmt":"2025-01-13T16:34:03","guid":{"rendered":"http:\/\/logros.eastus2.cloudapp.azure.com\/?p=1390"},"modified":"2026-01-13T15:35:37","modified_gmt":"2026-01-13T15:35:37","slug":"poder-judicial-explora-tecnologias-que-permitan-continuar-la-modernizacion-de-los-registros-de-propiedad","status":"publish","type":"post","link":"http:\/\/logros.ri.gob.do\/index.php\/2025\/01\/13\/poder-judicial-explora-tecnologias-que-permitan-continuar-la-modernizacion-de-los-registros-de-propiedad\/","title":{"rendered":"Registro Inmobiliario particip\u00f3 en la Conferencia y Asamblea Anual de la Red Interamericana de Catastro y Registro de la Propiedad (RICRP) \u2013 #CONFCAT25."},"content":{"rendered":"\n<p><a id=\"_msocom_1\"><\/a><\/p>\n\n\n\n<p>Lima, Per\u00fa \u2013 del 12 al 14 de noviembre de 2025.&nbsp;El Registro Inmobiliario particip\u00f3 en la Conferencia y Asamblea Anual de la Red Interamericana de Catastro y&nbsp;Registro&nbsp;de la Propiedad (RICRP), con la representaci\u00f3n de los se\u00f1ores&nbsp;<strong>Ricardo Jos\u00e9 Noboa Ga\u00f1\u00e1n, Administrador General del Registro Inmobiliario<\/strong>,<strong>&nbsp;Indhira&nbsp;del Rosario Luna, Directora Nacional de Registro de T\u00edtulos&nbsp;<\/strong>y<strong>&nbsp;Ridomil&nbsp;A.&nbsp;Rojas Ferreyra, Director Nacional de Mensuras Catastrales<\/strong>, celebrada en la ciudad de Lima, Per\u00fa, del 12 al 14 de noviembre de 2025.&nbsp;<\/p>\n\n\n\n<p>Este importante encuentro regional, denominado&nbsp;<strong>#CONFCAT25,&nbsp;<\/strong>fue organizado por el Organismo de Formalizaci\u00f3n de la Propiedad Informal (COFOPRI) y la Superintendencia Nacional de los Registros P\u00fablicos (SUNARP) de Per\u00fa, en coordinaci\u00f3n con&nbsp;la Organizaci\u00f3n de los Estados Americanos (OEA),&nbsp;con el apoyo del&nbsp;Banco Mundial&nbsp;y&nbsp;la Organizaci\u00f3n de las Naciones Unidas para la Alimentaci\u00f3n y la Agricultura (FAO).&nbsp;<\/p>\n\n\n\n<p>La conferencia forma parte de los compromisos asumidos en las Resoluciones de Fortalecimiento de la Democracia de las Asambleas Generales de la OEA, orientados al fortalecimiento del catastro y el registro de la propiedad en las Am\u00e9ricas. En esta edici\u00f3n, las autoridades nacionales e internacionales del sector abordaron la tem\u00e1tica&nbsp;\u201cTransformaci\u00f3n Digital e Innovaci\u00f3n del Catastro y Registro de la Propiedad en las Am\u00e9ricas: Interoperabilidad para la Gobernanza Territorial\u201d<strong>,<\/strong>&nbsp;con el prop\u00f3sito de intercambiar conocimientos, socializar buenas pr\u00e1cticas y promover acuerdos que impulsen el desarrollo de la agenda regional en materia catastral y registral.&nbsp;<\/p>\n\n\n\n<p>Durante el evento, representantes del Registro Inmobiliario tuvieron una participaci\u00f3n destacada en la agenda t\u00e9cnica,&nbsp;<strong>Ricardo Jos\u00e9 Noboa Ga\u00f1\u00e1n<\/strong>&nbsp;como&nbsp;<strong>moderador<\/strong>&nbsp;de la sesi\u00f3n de agenda \u00abLa interoperabilidad en entornos de alta informalidad urbana\u00bb,&nbsp;<strong>Indhira del Rosario Luna<\/strong>&nbsp;como&nbsp;<strong>panelista&nbsp;<\/strong>de la sesi\u00f3n denominada \u201cDesaf\u00edos del Catastro y Registro en la regi\u00f3n\u201d y&nbsp;<strong>Ridomil&nbsp;Rojas Ferreyra<\/strong>&nbsp;como&nbsp;<strong>ponente<\/strong>&nbsp;en la sesi\u00f3n de agenda \u00abInteroperabilidad y Est\u00e1ndares en el Catastro Multiprop\u00f3sito: Construyendo una Gobernanza Territorial Conectada\u00bb.&nbsp;<\/p>\n\n\n\n<p>El encuentro reuni\u00f3 a autoridades nacionales de catastro y registro de la propiedad, representantes de organismos multilaterales, expertos del sector y actores del ecosistema regional vinculados a la gesti\u00f3n territorial y la administraci\u00f3n de la propiedad. Asimismo, dio continuidad a las Declaraciones de Brasilia (2023) y Bogot\u00e1 (2024), las cuales subrayan la importancia del catastro y el registro como herramientas esenciales para la certeza jur\u00eddica de la tenencia de la tierra, la paz social, el desarrollo sostenible y la gobernanza democr\u00e1tica.&nbsp;<\/p>\n\n\n\n<p>La participaci\u00f3n del Registro inmobiliario en este importante encuentro reafirma su compromiso con la importancia del catastro y el registro de la propiedad como pilares de la democratizaci\u00f3n del acceso a la tierra, la mitigaci\u00f3n del cambio clim\u00e1tico y la protecci\u00f3n del medio ambiente.&nbsp;<\/p>\n","protected":false},"excerpt":{"rendered":"<p>Lima, Per\u00fa \u2013 del 12 al 14 de noviembre de 2025.&nbsp;El Registro Inmobiliario particip\u00f3 en la Conferencia y Asamblea Anual de la Red Interamericana de Catastro y&nbsp;Registro&nbsp;de la Propiedad (RICRP), con la representaci\u00f3n de los se\u00f1ores&nbsp;Ricardo Jos\u00e9 Noboa Ga\u00f1\u00e1n, Administrador General del Registro Inmobiliario,&nbsp;Indhira&nbsp;del Rosario Luna, Directora Nacional de Registro de T\u00edtulos&nbsp;y&nbsp;Ridomil&nbsp;A.&nbsp;Rojas Ferreyra, Director Nacional [&hellip;]<\/p>\n","protected":false},"author":1,"featured_media":1502,"comment_status":"open","ping_status":"open","sticky":false,"template":"","format":"standard","meta":{"footnotes":""},"categories":[15],"tags":[],"class_list":["post-1390","post","type-post","status-publish","format-standard","has-post-thumbnail","hentry","category-integridad-para-una-justicia-confiable"],"_links":{"self":[{"href":"http:\/\/logros.ri.gob.do\/index.php\/wp-json\/wp\/v2\/posts\/1390","targetHints":{"allow":["GET"]}}],"collection":[{"href":"http:\/\/logros.ri.gob.do\/index.php\/wp-json\/wp\/v2\/posts"}],"about":[{"href":"http:\/\/logros.ri.gob.do\/index.php\/wp-json\/wp\/v2\/types\/post"}],"author":[{"embeddable":true,"href":"http:\/\/logros.ri.gob.do\/index.php\/wp-json\/wp\/v2\/users\/1"}],"replies":[{"embeddable":true,"href":"http:\/\/logros.ri.gob.do\/index.php\/wp-json\/wp\/v2\/comments?post=1390"}],"version-history":[{"count":3,"href":"http:\/\/logros.ri.gob.do\/index.php\/wp-json\/wp\/v2\/posts\/1390\/revisions"}],"predecessor-version":[{"id":1503,"href":"http:\/\/logros.ri.gob.do\/index.php\/wp-json\/wp\/v2\/posts\/1390\/revisions\/1503"}],"wp:featuredmedia":[{"embeddable":true,"href":"http:\/\/logros.ri.gob.do\/index.php\/wp-json\/wp\/v2\/media\/1502"}],"wp:attachment":[{"href":"http:\/\/logros.ri.gob.do\/index.php\/wp-json\/wp\/v2\/media?parent=1390"}],"wp:term":[{"taxonomy":"category","embeddable":true,"href":"http:\/\/logros.ri.gob.do\/index.php\/wp-json\/wp\/v2\/categories?post=1390"},{"taxonomy":"post_tag","embeddable":true,"href":"http:\/\/logros.ri.gob.do\/index.php\/wp-json\/wp\/v2\/tags?post=1390"}],"curies":[{"name":"wp","href":"https:\/\/api.w.org\/{rel}","templated":true}]}}