{"id":1357,"date":"2025-01-13T16:06:50","date_gmt":"2025-01-13T16:06:50","guid":{"rendered":"http:\/\/logros.eastus2.cloudapp.azure.com\/?p=1357"},"modified":"2026-01-13T15:13:09","modified_gmt":"2026-01-13T15:13:09","slug":"registro-inmobiliario-apertura-oficina-de-servicios-en-el-distrito-nacional-sambil","status":"publish","type":"post","link":"http:\/\/logros.ri.gob.do\/index.php\/2025\/01\/13\/registro-inmobiliario-apertura-oficina-de-servicios-en-el-distrito-nacional-sambil\/","title":{"rendered":"Delegaci\u00f3n del Poder Judicial y el Registro Inmobiliario participa en el IV Congreso Nacional sobre Actualidad Registral \u2013 Argentina."},"content":{"rendered":"\n<p><a id=\"_msocom_1\"><\/a><\/p>\n\n\n\n<p><strong>BUENOS AIRES, ARGENTINA \u2013 10 de noviembre de 2025.<\/strong>&nbsp;Una delegaci\u00f3n del Poder Judicial y el Registro Inmobiliario de la Rep\u00fablica Dominicana participa en el IV Congreso Nacional sobre Actualidad Registral, celebrado del 10 al 13 de noviembre de 2025 en la Ciudad Aut\u00f3noma de Buenos Aires, Rep\u00fablica Argentina.<\/p>\n\n\n\n<p>La representaci\u00f3n dominicana est\u00e1 conformada por el Magistrado Anselmo A. Bello Ferreras, Juez de la Tercera Sala de la Suprema Corte de Justicia; la Licda. Raysa Tejeda Carbajal, Registradora de T\u00edtulos Adscrita para Santo Domingo; y el Agrim. Claudio Melvin Batista, Director Regional Adscrito del Departamento Este.<\/p>\n\n\n\n<p>Este encuentro re\u00fane a registradores, notarios y profesionales del \u00e1mbito jur\u00eddico y registral de distintos pa\u00edses, con el prop\u00f3sito de compartir experiencias, buenas pr\u00e1cticas y avances en modernizaci\u00f3n registral, promoviendo la cooperaci\u00f3n t\u00e9cnica y el intercambio de conocimientos en la regi\u00f3n.<\/p>\n\n\n\n<p>La participaci\u00f3n dominicana en este importante evento reafirma el compromiso institucional con el fortalecimiento de las capacidades t\u00e9cnicas y jur\u00eddicas, as\u00ed como con la mejora continua del servicio registral en beneficio de la ciudadan\u00eda.<\/p>\n","protected":false},"excerpt":{"rendered":"<p>BUENOS AIRES, ARGENTINA \u2013 10 de noviembre de 2025.&nbsp;Una delegaci\u00f3n del Poder Judicial y el Registro Inmobiliario de la Rep\u00fablica Dominicana participa en el IV Congreso Nacional sobre Actualidad Registral, celebrado del 10 al 13 de noviembre de 2025 en la Ciudad Aut\u00f3noma de Buenos Aires, Rep\u00fablica Argentina. La representaci\u00f3n dominicana est\u00e1 conformada por el [&hellip;]<\/p>\n","protected":false},"author":1,"featured_media":1491,"comment_status":"open","ping_status":"open","sticky":false,"template":"","format":"standard","meta":{"footnotes":""},"categories":[13],"tags":[],"class_list":["post-1357","post","type-post","status-publish","format-standard","has-post-thumbnail","hentry","category-servicio-judicial-oportuno-y-eficiente"],"_links":{"self":[{"href":"http:\/\/logros.ri.gob.do\/index.php\/wp-json\/wp\/v2\/posts\/1357","targetHints":{"allow":["GET"]}}],"collection":[{"href":"http:\/\/logros.ri.gob.do\/index.php\/wp-json\/wp\/v2\/posts"}],"about":[{"href":"http:\/\/logros.ri.gob.do\/index.php\/wp-json\/wp\/v2\/types\/post"}],"author":[{"embeddable":true,"href":"http:\/\/logros.ri.gob.do\/index.php\/wp-json\/wp\/v2\/users\/1"}],"replies":[{"embeddable":true,"href":"http:\/\/logros.ri.gob.do\/index.php\/wp-json\/wp\/v2\/comments?post=1357"}],"version-history":[{"count":3,"href":"http:\/\/logros.ri.gob.do\/index.php\/wp-json\/wp\/v2\/posts\/1357\/revisions"}],"predecessor-version":[{"id":1492,"href":"http:\/\/logros.ri.gob.do\/index.php\/wp-json\/wp\/v2\/posts\/1357\/revisions\/1492"}],"wp:featuredmedia":[{"embeddable":true,"href":"http:\/\/logros.ri.gob.do\/index.php\/wp-json\/wp\/v2\/media\/1491"}],"wp:attachment":[{"href":"http:\/\/logros.ri.gob.do\/index.php\/wp-json\/wp\/v2\/media?parent=1357"}],"wp:term":[{"taxonomy":"category","embeddable":true,"href":"http:\/\/logros.ri.gob.do\/index.php\/wp-json\/wp\/v2\/categories?post=1357"},{"taxonomy":"post_tag","embeddable":true,"href":"http:\/\/logros.ri.gob.do\/index.php\/wp-json\/wp\/v2\/tags?post=1357"}],"curies":[{"name":"wp","href":"https:\/\/api.w.org\/{rel}","templated":true}]}}